{"id":1314,"date":"2016-06-06T11:28:17","date_gmt":"2016-06-06T11:28:17","guid":{"rendered":"http:\/\/demo.goodlayers.com\/infinite\/?p=1314"},"modified":"2024-07-29T06:06:51","modified_gmt":"2024-07-29T06:06:51","slug":"gradina-zmeilor","status":"publish","type":"post","link":"https:\/\/gradinazmeilor.ro\/?p=1314","title":{"rendered":"Rezervatia naturala Gradina Zmeilor Salaj"},"content":{"rendered":"\n<p>Gradina Zmeilor este o destinatie turistica unica din Rom\u00e2nia, situata \u00een judetul Salaj, \u00een apropiere de localitatea G\u00e2lgau Almasului.<br>Aceasta gradina \u00eeti trage numele de la formatiunile st\u00e2ncoase din zona, care par a fi sculptate \u00een forma unor zmei si a altor creaturi fantastice.<\/p>\n\n\n\n<p><br>Aceste st\u00e2nci au fost formate \u00een urma eroziunii si a miscarilor tectonice, iar formele ciudate ale lor au atras atentia turistilor si a pasionatilor de fotografie.<br>Desi Gradina Zmeilor a devenit o destinatie populara \u00een ultimii ani, este \u00eenca un loc relativ putin cunoscut \u00een r\u00e2ndul turistilor internationali.<\/p>\n\n\n\n<p><br>Gradina Zmeilor este un loc ideal pentru cei care doresc sa petreaca timp \u00een natura si sa se bucure de peisajele impresionante ale Depresiunii colinare transilvane .<br>Zona ofera o varietate de trasee de drumetii pentru turisti de toate nivelele de experienta, care pot explora peisajele deosebite si formatiunile st\u00e2ncoase \u00een timp ce fac miscare si se bucura de aerul curat de munte.<br>\u00cen plus, Gradina Zmeilor este o destinatie populara pentru pasionatii de fotografie, datorita formelor unice ale st\u00e2ncilor si luminii frumoase care poate fi capturata \u00een diferite momente ale zilei. Aceasta ofera oportunitati incredibile pentru fotografii amatori si profesionitti deopotriva.<\/p>\n\n\n\n<p><br>Desi Gradina Zmeilor este o destinatie turistica relativ noua, aceasta a fost deja recunoscuta la nivel nationalsi international. \u00cen 2019, a fost inclusa \u00een lista celor mai frumoase 7 peisaje naturale din Rom\u00e2nia, realizata de publicatia Cond\u00e9 Nast Traveler, ceea ce a ajutat la cresterea popularitatii sale.<br>Pentru a vizita Gradina Zmeilor, turistii trebuie sa ajunga la G\u00e2lgau Almasului, iar apoi sa  urmeze un drum  p\u00e2na la locatia de start a traseelor de drumetie.<\/p>\n\n\n\n<p><br>Se recomanda sa fie echipati corespunzator pentru drumurile montane si sa respecte reglementarile de protectie a mediului, pentru a mentine frumusetea naturala a acestei zone.<br>\u00cen concluzie, Gradina Zmeilor este o destinatie turistica unica si impresionanta din Rom\u00e2nia, care ofera o experienta de neuitat pentru turistii care doresc sa exploreze natura si sa se bucure de peisajele montane.<br>Este un loc perfect pentru o evadare de la zgomotul si agitatia oraselor si o oportunitate minunata de a se conecta cu natura si aerul curat de munte.<\/p>\n\n\n\n<p><\/p>\n","protected":false},"excerpt":{"rendered":"<p>A wonderful serenity has taken possession of my entire soul, like these sweet mornings of spring which I enjoy with my whole heart. I am alone, and feel the charm of existence in this spot, which was created for the bliss of souls like mine. I am so happy, my dear friend, so absorbed in the exquisite sense of mere tranquil existence, that I neglect my talents. I should be incapable of drawing a single stroke at the present moment; and yet I feel that I never was a greater artist than now. When, while the lovely valley teems with vapour around me, and the meridian sun strikes the upper surface of the impenetrable foliage of my trees, and but a few stray gleams steal into the inner sanctuary, I throw myself down among the tall grass by the trickling stream; and, as I lie close to the earth, a thousand unknown plants are noticed by me: when I hear the buzz of the little world among the stalks, and grow familiar with the countless indescribable forms of the insects and flies, then I feel the presence of the Almighty, who formed us in his own image, and the breath of that universal love which bears and sustains us, as it floats around us in an eternity of blist.<\/p>\n","protected":false},"author":1,"featured_media":5833,"comment_status":"open","ping_status":"open","sticky":false,"template":"","format":"standard","meta":{"_jetpack_memberships_contains_paid_content":false,"footnotes":""},"categories":[5,3],"tags":[8,9,7,10],"class_list":["post-1314","post","type-post","status-publish","format-standard","has-post-thumbnail","hentry","category-chechis","category-gradina-zmeilor","tag-chechis","tag-galgau","tag-gradina-zmeilor","tag-natura"],"yoast_head":"<!-- This site is optimized with the Yoast SEO Premium plugin v22.8 (Yoast SEO v27.4) - https:\/\/yoast.com\/product\/yoast-seo-premium-wordpress\/ -->\n<title>Rezervatia naturala Gradina Zmeilor Salaj - Gradina Zmeilor Gradina Zmeilor<\/title>\n<meta name=\"description\" content=\"Gradina Zmeilor este o destinatie turistica unica din Rom\u00e2nia, situata \u00een judetul Salaj, \u00een apropiere de localitatea G\u00e2lgau Almasului Salaj\" \/>\n<meta name=\"robots\" content=\"index, follow, max-snippet:-1, max-image-preview:large, max-video-preview:-1\" \/>\n<link rel=\"canonical\" href=\"https:\/\/gradinazmeilor.ro\/?p=1314\" \/>\n<meta property=\"og:locale\" content=\"en_US\" \/>\n<meta property=\"og:type\" content=\"article\" \/>\n<meta property=\"og:title\" content=\"Rezervatia naturala Gradina Zmeilor Salaj\" \/>\n<meta property=\"og:description\" content=\"Gradina Zmeilor este o destinatie turistica unica din Rom\u00e2nia, situata \u00een judetul Salaj, \u00een apropiere de localitatea G\u00e2lgau Almasului Salaj\" \/>\n<meta property=\"og:url\" content=\"https:\/\/gradinazmeilor.ro\/?p=1314\" \/>\n<meta property=\"og:site_name\" content=\"Gradina Zmeilor\" \/>\n<meta property=\"article:published_time\" content=\"2016-06-06T11:28:17+00:00\" \/>\n<meta property=\"article:modified_time\" content=\"2024-07-29T06:06:51+00:00\" \/>\n<meta property=\"og:image\" content=\"https:\/\/gradinazmeilor.ro\/wp-content\/uploads\/2024\/07\/859403_486584958055921_2134390080_o-1.jpg\" \/>\n\t<meta property=\"og:image:width\" content=\"2048\" \/>\n\t<meta property=\"og:image:height\" content=\"601\" \/>\n\t<meta property=\"og:image:type\" content=\"image\/jpeg\" \/>\n<meta name=\"author\" content=\"admin\" \/>\n<meta name=\"twitter:card\" content=\"summary_large_image\" \/>\n<meta name=\"twitter:label1\" content=\"Written by\" \/>\n\t<meta name=\"twitter:data1\" content=\"admin\" \/>\n\t<meta name=\"twitter:label2\" content=\"Est. reading time\" \/>\n\t<meta name=\"twitter:data2\" content=\"2 minutes\" \/>\n<script type=\"application\/ld+json\" class=\"yoast-schema-graph\">{\"@context\":\"https:\\\/\\\/schema.org\",\"@graph\":[{\"@type\":\"Article\",\"@id\":\"https:\\\/\\\/gradinazmeilor.ro\\\/?p=1314#article\",\"isPartOf\":{\"@id\":\"https:\\\/\\\/gradinazmeilor.ro\\\/?p=1314\"},\"author\":{\"name\":\"admin\",\"@id\":\"https:\\\/\\\/gradinazmeilor.ro\\\/#\\\/schema\\\/person\\\/036ea6286681e8ecafa9ea526a1cc076\"},\"headline\":\"Rezervatia naturala Gradina Zmeilor Salaj\",\"datePublished\":\"2016-06-06T11:28:17+00:00\",\"dateModified\":\"2024-07-29T06:06:51+00:00\",\"mainEntityOfPage\":{\"@id\":\"https:\\\/\\\/gradinazmeilor.ro\\\/?p=1314\"},\"wordCount\":367,\"commentCount\":4,\"image\":{\"@id\":\"https:\\\/\\\/gradinazmeilor.ro\\\/?p=1314#primaryimage\"},\"thumbnailUrl\":\"https:\\\/\\\/gradinazmeilor.ro\\\/wp-content\\\/uploads\\\/2024\\\/07\\\/859403_486584958055921_2134390080_o-1.jpg\",\"keywords\":[\"Chechis\",\"Galgau\",\"Gradina Zmeilor\",\"Natura\"],\"articleSection\":[\"Chechis\",\"Gradina Zmeilor\"],\"inLanguage\":\"en-US\",\"potentialAction\":[{\"@type\":\"CommentAction\",\"name\":\"Comment\",\"target\":[\"https:\\\/\\\/gradinazmeilor.ro\\\/?p=1314#respond\"]}]},{\"@type\":\"WebPage\",\"@id\":\"https:\\\/\\\/gradinazmeilor.ro\\\/?p=1314\",\"url\":\"https:\\\/\\\/gradinazmeilor.ro\\\/?p=1314\",\"name\":\"Rezervatia naturala Gradina Zmeilor Salaj - Gradina Zmeilor Gradina Zmeilor\",\"isPartOf\":{\"@id\":\"https:\\\/\\\/gradinazmeilor.ro\\\/#website\"},\"primaryImageOfPage\":{\"@id\":\"https:\\\/\\\/gradinazmeilor.ro\\\/?p=1314#primaryimage\"},\"image\":{\"@id\":\"https:\\\/\\\/gradinazmeilor.ro\\\/?p=1314#primaryimage\"},\"thumbnailUrl\":\"https:\\\/\\\/gradinazmeilor.ro\\\/wp-content\\\/uploads\\\/2024\\\/07\\\/859403_486584958055921_2134390080_o-1.jpg\",\"datePublished\":\"2016-06-06T11:28:17+00:00\",\"dateModified\":\"2024-07-29T06:06:51+00:00\",\"author\":{\"@id\":\"https:\\\/\\\/gradinazmeilor.ro\\\/#\\\/schema\\\/person\\\/036ea6286681e8ecafa9ea526a1cc076\"},\"description\":\"Gradina Zmeilor este o destinatie turistica unica din Rom\u00e2nia, situata \u00een judetul Salaj, \u00een apropiere de localitatea G\u00e2lgau Almasului Salaj\",\"breadcrumb\":{\"@id\":\"https:\\\/\\\/gradinazmeilor.ro\\\/?p=1314#breadcrumb\"},\"inLanguage\":\"en-US\",\"potentialAction\":[{\"@type\":\"ReadAction\",\"target\":[\"https:\\\/\\\/gradinazmeilor.ro\\\/?p=1314\"]}]},{\"@type\":\"ImageObject\",\"inLanguage\":\"en-US\",\"@id\":\"https:\\\/\\\/gradinazmeilor.ro\\\/?p=1314#primaryimage\",\"url\":\"https:\\\/\\\/gradinazmeilor.ro\\\/wp-content\\\/uploads\\\/2024\\\/07\\\/859403_486584958055921_2134390080_o-1.jpg\",\"contentUrl\":\"https:\\\/\\\/gradinazmeilor.ro\\\/wp-content\\\/uploads\\\/2024\\\/07\\\/859403_486584958055921_2134390080_o-1.jpg\",\"width\":2048,\"height\":601},{\"@type\":\"BreadcrumbList\",\"@id\":\"https:\\\/\\\/gradinazmeilor.ro\\\/?p=1314#breadcrumb\",\"itemListElement\":[{\"@type\":\"ListItem\",\"position\":1,\"name\":\"Home\",\"item\":\"https:\\\/\\\/gradinazmeilor.ro\\\/\"},{\"@type\":\"ListItem\",\"position\":2,\"name\":\"Rezervatia naturala Gradina Zmeilor Salaj\"}]},{\"@type\":\"WebSite\",\"@id\":\"https:\\\/\\\/gradinazmeilor.ro\\\/#website\",\"url\":\"https:\\\/\\\/gradinazmeilor.ro\\\/\",\"name\":\"Gradina Zmeilor\",\"description\":\"\",\"potentialAction\":[{\"@type\":\"SearchAction\",\"target\":{\"@type\":\"EntryPoint\",\"urlTemplate\":\"https:\\\/\\\/gradinazmeilor.ro\\\/?s={search_term_string}\"},\"query-input\":{\"@type\":\"PropertyValueSpecification\",\"valueRequired\":true,\"valueName\":\"search_term_string\"}}],\"inLanguage\":\"en-US\"},{\"@type\":\"Person\",\"@id\":\"https:\\\/\\\/gradinazmeilor.ro\\\/#\\\/schema\\\/person\\\/036ea6286681e8ecafa9ea526a1cc076\",\"name\":\"admin\",\"image\":{\"@type\":\"ImageObject\",\"inLanguage\":\"en-US\",\"@id\":\"https:\\\/\\\/secure.gravatar.com\\\/avatar\\\/efa2df1f6d9b200094d4197aed1dabb82f44108b5598ac5c71d162afcb4ef57c?s=96&d=mm&r=g\",\"url\":\"https:\\\/\\\/secure.gravatar.com\\\/avatar\\\/efa2df1f6d9b200094d4197aed1dabb82f44108b5598ac5c71d162afcb4ef57c?s=96&d=mm&r=g\",\"contentUrl\":\"https:\\\/\\\/secure.gravatar.com\\\/avatar\\\/efa2df1f6d9b200094d4197aed1dabb82f44108b5598ac5c71d162afcb4ef57c?s=96&d=mm&r=g\",\"caption\":\"admin\"},\"sameAs\":[\"https:\\\/\\\/gradinazmeilor.ro\"],\"url\":\"https:\\\/\\\/gradinazmeilor.ro\\\/?author=1\"}]}<\/script>\n<!-- \/ Yoast SEO Premium plugin. -->","yoast_head_json":{"title":"Rezervatia naturala Gradina Zmeilor Salaj - Gradina Zmeilor Gradina Zmeilor","description":"Gradina Zmeilor este o destinatie turistica unica din Rom\u00e2nia, situata \u00een judetul Salaj, \u00een apropiere de localitatea G\u00e2lgau Almasului Salaj","robots":{"index":"index","follow":"follow","max-snippet":"max-snippet:-1","max-image-preview":"max-image-preview:large","max-video-preview":"max-video-preview:-1"},"canonical":"https:\/\/gradinazmeilor.ro\/?p=1314","og_locale":"en_US","og_type":"article","og_title":"Rezervatia naturala Gradina Zmeilor Salaj","og_description":"Gradina Zmeilor este o destinatie turistica unica din Rom\u00e2nia, situata \u00een judetul Salaj, \u00een apropiere de localitatea G\u00e2lgau Almasului Salaj","og_url":"https:\/\/gradinazmeilor.ro\/?p=1314","og_site_name":"Gradina Zmeilor","article_published_time":"2016-06-06T11:28:17+00:00","article_modified_time":"2024-07-29T06:06:51+00:00","og_image":[{"width":2048,"height":601,"url":"https:\/\/gradinazmeilor.ro\/wp-content\/uploads\/2024\/07\/859403_486584958055921_2134390080_o-1.jpg","type":"image\/jpeg"}],"author":"admin","twitter_card":"summary_large_image","twitter_misc":{"Written by":"admin","Est. reading time":"2 minutes"},"schema":{"@context":"https:\/\/schema.org","@graph":[{"@type":"Article","@id":"https:\/\/gradinazmeilor.ro\/?p=1314#article","isPartOf":{"@id":"https:\/\/gradinazmeilor.ro\/?p=1314"},"author":{"name":"admin","@id":"https:\/\/gradinazmeilor.ro\/#\/schema\/person\/036ea6286681e8ecafa9ea526a1cc076"},"headline":"Rezervatia naturala Gradina Zmeilor Salaj","datePublished":"2016-06-06T11:28:17+00:00","dateModified":"2024-07-29T06:06:51+00:00","mainEntityOfPage":{"@id":"https:\/\/gradinazmeilor.ro\/?p=1314"},"wordCount":367,"commentCount":4,"image":{"@id":"https:\/\/gradinazmeilor.ro\/?p=1314#primaryimage"},"thumbnailUrl":"https:\/\/gradinazmeilor.ro\/wp-content\/uploads\/2024\/07\/859403_486584958055921_2134390080_o-1.jpg","keywords":["Chechis","Galgau","Gradina Zmeilor","Natura"],"articleSection":["Chechis","Gradina Zmeilor"],"inLanguage":"en-US","potentialAction":[{"@type":"CommentAction","name":"Comment","target":["https:\/\/gradinazmeilor.ro\/?p=1314#respond"]}]},{"@type":"WebPage","@id":"https:\/\/gradinazmeilor.ro\/?p=1314","url":"https:\/\/gradinazmeilor.ro\/?p=1314","name":"Rezervatia naturala Gradina Zmeilor Salaj - Gradina Zmeilor Gradina Zmeilor","isPartOf":{"@id":"https:\/\/gradinazmeilor.ro\/#website"},"primaryImageOfPage":{"@id":"https:\/\/gradinazmeilor.ro\/?p=1314#primaryimage"},"image":{"@id":"https:\/\/gradinazmeilor.ro\/?p=1314#primaryimage"},"thumbnailUrl":"https:\/\/gradinazmeilor.ro\/wp-content\/uploads\/2024\/07\/859403_486584958055921_2134390080_o-1.jpg","datePublished":"2016-06-06T11:28:17+00:00","dateModified":"2024-07-29T06:06:51+00:00","author":{"@id":"https:\/\/gradinazmeilor.ro\/#\/schema\/person\/036ea6286681e8ecafa9ea526a1cc076"},"description":"Gradina Zmeilor este o destinatie turistica unica din Rom\u00e2nia, situata \u00een judetul Salaj, \u00een apropiere de localitatea G\u00e2lgau Almasului Salaj","breadcrumb":{"@id":"https:\/\/gradinazmeilor.ro\/?p=1314#breadcrumb"},"inLanguage":"en-US","potentialAction":[{"@type":"ReadAction","target":["https:\/\/gradinazmeilor.ro\/?p=1314"]}]},{"@type":"ImageObject","inLanguage":"en-US","@id":"https:\/\/gradinazmeilor.ro\/?p=1314#primaryimage","url":"https:\/\/gradinazmeilor.ro\/wp-content\/uploads\/2024\/07\/859403_486584958055921_2134390080_o-1.jpg","contentUrl":"https:\/\/gradinazmeilor.ro\/wp-content\/uploads\/2024\/07\/859403_486584958055921_2134390080_o-1.jpg","width":2048,"height":601},{"@type":"BreadcrumbList","@id":"https:\/\/gradinazmeilor.ro\/?p=1314#breadcrumb","itemListElement":[{"@type":"ListItem","position":1,"name":"Home","item":"https:\/\/gradinazmeilor.ro\/"},{"@type":"ListItem","position":2,"name":"Rezervatia naturala Gradina Zmeilor Salaj"}]},{"@type":"WebSite","@id":"https:\/\/gradinazmeilor.ro\/#website","url":"https:\/\/gradinazmeilor.ro\/","name":"Gradina Zmeilor","description":"","potentialAction":[{"@type":"SearchAction","target":{"@type":"EntryPoint","urlTemplate":"https:\/\/gradinazmeilor.ro\/?s={search_term_string}"},"query-input":{"@type":"PropertyValueSpecification","valueRequired":true,"valueName":"search_term_string"}}],"inLanguage":"en-US"},{"@type":"Person","@id":"https:\/\/gradinazmeilor.ro\/#\/schema\/person\/036ea6286681e8ecafa9ea526a1cc076","name":"admin","image":{"@type":"ImageObject","inLanguage":"en-US","@id":"https:\/\/secure.gravatar.com\/avatar\/efa2df1f6d9b200094d4197aed1dabb82f44108b5598ac5c71d162afcb4ef57c?s=96&d=mm&r=g","url":"https:\/\/secure.gravatar.com\/avatar\/efa2df1f6d9b200094d4197aed1dabb82f44108b5598ac5c71d162afcb4ef57c?s=96&d=mm&r=g","contentUrl":"https:\/\/secure.gravatar.com\/avatar\/efa2df1f6d9b200094d4197aed1dabb82f44108b5598ac5c71d162afcb4ef57c?s=96&d=mm&r=g","caption":"admin"},"sameAs":["https:\/\/gradinazmeilor.ro"],"url":"https:\/\/gradinazmeilor.ro\/?author=1"}]}},"jetpack_featured_media_url":"https:\/\/gradinazmeilor.ro\/wp-content\/uploads\/2024\/07\/859403_486584958055921_2134390080_o-1.jpg","jetpack_sharing_enabled":true,"_links":{"self":[{"href":"https:\/\/gradinazmeilor.ro\/index.php?rest_route=\/wp\/v2\/posts\/1314","targetHints":{"allow":["GET"]}}],"collection":[{"href":"https:\/\/gradinazmeilor.ro\/index.php?rest_route=\/wp\/v2\/posts"}],"about":[{"href":"https:\/\/gradinazmeilor.ro\/index.php?rest_route=\/wp\/v2\/types\/post"}],"author":[{"embeddable":true,"href":"https:\/\/gradinazmeilor.ro\/index.php?rest_route=\/wp\/v2\/users\/1"}],"replies":[{"embeddable":true,"href":"https:\/\/gradinazmeilor.ro\/index.php?rest_route=%2Fwp%2Fv2%2Fcomments&post=1314"}],"version-history":[{"count":5,"href":"https:\/\/gradinazmeilor.ro\/index.php?rest_route=\/wp\/v2\/posts\/1314\/revisions"}],"predecessor-version":[{"id":6389,"href":"https:\/\/gradinazmeilor.ro\/index.php?rest_route=\/wp\/v2\/posts\/1314\/revisions\/6389"}],"wp:featuredmedia":[{"embeddable":true,"href":"https:\/\/gradinazmeilor.ro\/index.php?rest_route=\/wp\/v2\/media\/5833"}],"wp:attachment":[{"href":"https:\/\/gradinazmeilor.ro\/index.php?rest_route=%2Fwp%2Fv2%2Fmedia&parent=1314"}],"wp:term":[{"taxonomy":"category","embeddable":true,"href":"https:\/\/gradinazmeilor.ro\/index.php?rest_route=%2Fwp%2Fv2%2Fcategories&post=1314"},{"taxonomy":"post_tag","embeddable":true,"href":"https:\/\/gradinazmeilor.ro\/index.php?rest_route=%2Fwp%2Fv2%2Ftags&post=1314"}],"curies":[{"name":"wp","href":"https:\/\/api.w.org\/{rel}","templated":true}]}}