{"id":1669,"date":"2016-06-06T11:27:49","date_gmt":"2016-06-06T11:27:49","guid":{"rendered":"http:\/\/demo.goodlayers.com\/infinite\/?p=1669"},"modified":"2024-07-26T19:47:28","modified_gmt":"2024-07-26T19:47:28","slug":"fata-catani","status":"publish","type":"post","link":"https:\/\/gradinazmeilor.ro\/?p=1669","title":{"rendered":"Fata C\u0103tani"},"content":{"rendered":"\n<p>Suita de st\u00e2nci cu forme ciudate, formate prin eroziune, a alimentat, de-a lungul timpului, imaginatia localnicilor si nu numai. Asa au luat nastere legendele<a href=\"https:\/\/gradinazmeilor.ro\/?p=1714\"> Fata C\u0103tani<\/a> ce \u00eensotesc Gradina Zmeilor, rezervatia naturala de marginea localitatii salajene G\u00e2lgau Almasului.<\/p>\n\n\n\n<p><br>\u00cen partea cea mai vestica a gradinii, mai mari, separate una de alta, sunt doua st\u00e2nci gemene.<br>Sunt Zmeul si Zmeoaica. Se spunea ca aceste pietroaie se opreau zmeii sa se odihneasca atunci c\u00e2nd mergeau dupa sare la Dej , ne spune una dintre legende Alexandru Mosut, fost profesor de matematica si un \u00eempatimit cunoscator al istoriei locale.<br><img loading=\"lazy\" decoding=\"async\" width=\"800\" height=\"800\" class=\"wp-image-5914\" style=\"width: 800px;\" src=\"https:\/\/gradinazmeilor.ro\/wp-content\/uploads\/2024\/07\/gradina-zmeilor-si-porrolissum-2008-124-1024x1024-2.jpg\" alt=\"\" srcset=\"https:\/\/gradinazmeilor.ro\/wp-content\/uploads\/2024\/07\/gradina-zmeilor-si-porrolissum-2008-124-1024x1024-2.jpg 1024w, https:\/\/gradinazmeilor.ro\/wp-content\/uploads\/2024\/07\/gradina-zmeilor-si-porrolissum-2008-124-1024x1024-2-300x300.jpg 300w, https:\/\/gradinazmeilor.ro\/wp-content\/uploads\/2024\/07\/gradina-zmeilor-si-porrolissum-2008-124-1024x1024-2-100x100.jpg 100w, https:\/\/gradinazmeilor.ro\/wp-content\/uploads\/2024\/07\/gradina-zmeilor-si-porrolissum-2008-124-1024x1024-2-600x600.jpg 600w, https:\/\/gradinazmeilor.ro\/wp-content\/uploads\/2024\/07\/gradina-zmeilor-si-porrolissum-2008-124-1024x1024-2-150x150.jpg 150w, https:\/\/gradinazmeilor.ro\/wp-content\/uploads\/2024\/07\/gradina-zmeilor-si-porrolissum-2008-124-1024x1024-2-768x768.jpg 768w\" sizes=\"auto, (max-width: 800px) 100vw, 800px\" \/><\/p>\n\n\n\n<p>De Gradina Zmeilor se leaga si o alta legenda,  Fata C\u0103tani. \u201dLa noi, catane li se spune la femeile mai rele \u2013 li se spune asa pentru ca sunt autoritare si au pretentii de comandant.<\/p>\n\n\n\n<p><br>Legenda spune ca, o astfel de femeia avea o fata, care s-a \u00eendragostit, \u00eempotriva vointei mamei sale, de un soldat.<\/p>\n\n\n\n<p><br>Cum fata nu a renuntat la iubirea pentru t\u00e2narul militar, mama \u2013 catana a blestemat-o sa se transforme \u00een stana de piatra\u201d, povesteste profesorul. St\u00e2nca \u2013 spune localnicul \u2013 putea fi vazute \u00eentre celelalte st\u00e2nci din rezervatie p\u00e2na \u00een urma cu c\u00e2tiva ani, c\u00e2nd a fost dobor\u00e2ta de procesele erozionale.<\/p>\n\n\n\n<p>\u00cen orice anotimp, peisajul se schimb\u0103. Se vesteje\u0219te, adoarme \u0219i iar \u00eenvie. Dar \u00ee\u0219i p\u0103streaz\u0103 aceea\u0219i frumuse\u021be.<\/p>\n\n\n\n<p>Merit\u0103 admirate \u0219i fotografiate. Atunci c\u00e2nd natura \u00ee\u0219i intra \u00een drepturi, totul devine istorie.<\/p>\n\n\n\n<p>Legendele prind via\u021b\u0103 atunci c\u00e2nd are cine s\u0103 le dea mai departe. C\u0103ci noi oamenii, trebuie s\u0103 ne redescoperim identitatea, s\u0103 ne trasmitem valorile \u0219i s\u0103 \u00eembr\u0103\u021bi\u0219\u0103m evolu\u021bia.<br><\/p>\n","protected":false},"excerpt":{"rendered":"<p>Suita de st\u00e2nci cu forme ciudate, formate prin eroziune, a alimentat, de-a lungul timpului, imaginatia localnicilor si nu numai. Asa au luat nastere legendele Fata C\u0103tani ce \u00eensotesc Gradina Zmeilor, rezervatia naturala de marginea localitatii salajene G\u00e2lgau Almasului. \u00cen partea cea mai vestica a gradinii, mai mari, separate una de alta, sunt doua st\u00e2nci gemene.Sunt [&hellip;]<\/p>\n","protected":false},"author":1,"featured_media":5833,"comment_status":"open","ping_status":"open","sticky":false,"template":"","format":"standard","meta":{"_jetpack_memberships_contains_paid_content":false,"footnotes":""},"categories":[5,3,6],"tags":[124],"class_list":["post-1669","post","type-post","status-publish","format-standard","has-post-thumbnail","hentry","category-chechis","category-gradina-zmeilor","category-uncategorized","tag-gradina-zmeilor-natura"],"yoast_head":"<!-- This site is optimized with the Yoast SEO Premium plugin v22.8 (Yoast SEO v27.4) - https:\/\/yoast.com\/product\/yoast-seo-premium-wordpress\/ -->\n<title>Fata C\u0103tani - Gradina Zmeilor<\/title>\n<meta name=\"description\" content=\"Asa au luat nastere legendele Fata C\u0103tani ce \u00eensotesc Gradina Zmeilor, rezervatia naturala de marginea localitatii salajene G\u00e2lgau Almasului.\" \/>\n<meta name=\"robots\" content=\"index, follow, max-snippet:-1, max-image-preview:large, max-video-preview:-1\" \/>\n<link rel=\"canonical\" href=\"https:\/\/gradinazmeilor.ro\/?p=1669\" \/>\n<meta property=\"og:locale\" content=\"en_US\" \/>\n<meta property=\"og:type\" content=\"article\" \/>\n<meta property=\"og:title\" content=\"Fata C\u0103tani\" \/>\n<meta property=\"og:description\" content=\"Asa au luat nastere legendele Fata C\u0103tani ce \u00eensotesc Gradina Zmeilor, rezervatia naturala de marginea localitatii salajene G\u00e2lgau Almasului.\" \/>\n<meta property=\"og:url\" content=\"https:\/\/gradinazmeilor.ro\/?p=1669\" \/>\n<meta property=\"og:site_name\" content=\"Gradina Zmeilor\" \/>\n<meta property=\"article:published_time\" content=\"2016-06-06T11:27:49+00:00\" \/>\n<meta property=\"article:modified_time\" content=\"2024-07-26T19:47:28+00:00\" \/>\n<meta property=\"og:image\" content=\"https:\/\/gradinazmeilor.ro\/wp-content\/uploads\/2024\/07\/859403_486584958055921_2134390080_o-1.jpg\" \/>\n\t<meta property=\"og:image:width\" content=\"2048\" \/>\n\t<meta property=\"og:image:height\" content=\"601\" \/>\n\t<meta property=\"og:image:type\" content=\"image\/jpeg\" \/>\n<meta name=\"author\" content=\"admin\" \/>\n<meta name=\"twitter:card\" content=\"summary_large_image\" \/>\n<meta name=\"twitter:label1\" content=\"Written by\" \/>\n\t<meta name=\"twitter:data1\" content=\"admin\" \/>\n\t<meta name=\"twitter:label2\" content=\"Est. reading time\" \/>\n\t<meta name=\"twitter:data2\" content=\"2 minutes\" \/>\n<script type=\"application\/ld+json\" class=\"yoast-schema-graph\">{\"@context\":\"https:\\\/\\\/schema.org\",\"@graph\":[{\"@type\":\"Article\",\"@id\":\"https:\\\/\\\/gradinazmeilor.ro\\\/?p=1669#article\",\"isPartOf\":{\"@id\":\"https:\\\/\\\/gradinazmeilor.ro\\\/?p=1669\"},\"author\":{\"name\":\"admin\",\"@id\":\"https:\\\/\\\/gradinazmeilor.ro\\\/#\\\/schema\\\/person\\\/036ea6286681e8ecafa9ea526a1cc076\"},\"headline\":\"Fata C\u0103tani\",\"datePublished\":\"2016-06-06T11:27:49+00:00\",\"dateModified\":\"2024-07-26T19:47:28+00:00\",\"mainEntityOfPage\":{\"@id\":\"https:\\\/\\\/gradinazmeilor.ro\\\/?p=1669\"},\"wordCount\":281,\"commentCount\":1,\"image\":{\"@id\":\"https:\\\/\\\/gradinazmeilor.ro\\\/?p=1669#primaryimage\"},\"thumbnailUrl\":\"https:\\\/\\\/gradinazmeilor.ro\\\/wp-content\\\/uploads\\\/2024\\\/07\\\/859403_486584958055921_2134390080_o-1.jpg\",\"keywords\":[\"Gradina Zmeilor natura\"],\"articleSection\":[\"Chechis\",\"Gradina Zmeilor\"],\"inLanguage\":\"en-US\",\"potentialAction\":[{\"@type\":\"CommentAction\",\"name\":\"Comment\",\"target\":[\"https:\\\/\\\/gradinazmeilor.ro\\\/?p=1669#respond\"]}]},{\"@type\":\"WebPage\",\"@id\":\"https:\\\/\\\/gradinazmeilor.ro\\\/?p=1669\",\"url\":\"https:\\\/\\\/gradinazmeilor.ro\\\/?p=1669\",\"name\":\"Fata C\u0103tani - Gradina Zmeilor\",\"isPartOf\":{\"@id\":\"https:\\\/\\\/gradinazmeilor.ro\\\/#website\"},\"primaryImageOfPage\":{\"@id\":\"https:\\\/\\\/gradinazmeilor.ro\\\/?p=1669#primaryimage\"},\"image\":{\"@id\":\"https:\\\/\\\/gradinazmeilor.ro\\\/?p=1669#primaryimage\"},\"thumbnailUrl\":\"https:\\\/\\\/gradinazmeilor.ro\\\/wp-content\\\/uploads\\\/2024\\\/07\\\/859403_486584958055921_2134390080_o-1.jpg\",\"datePublished\":\"2016-06-06T11:27:49+00:00\",\"dateModified\":\"2024-07-26T19:47:28+00:00\",\"author\":{\"@id\":\"https:\\\/\\\/gradinazmeilor.ro\\\/#\\\/schema\\\/person\\\/036ea6286681e8ecafa9ea526a1cc076\"},\"description\":\"Asa au luat nastere legendele Fata C\u0103tani ce \u00eensotesc Gradina Zmeilor, rezervatia naturala de marginea localitatii salajene G\u00e2lgau Almasului.\",\"breadcrumb\":{\"@id\":\"https:\\\/\\\/gradinazmeilor.ro\\\/?p=1669#breadcrumb\"},\"inLanguage\":\"en-US\",\"potentialAction\":[{\"@type\":\"ReadAction\",\"target\":[\"https:\\\/\\\/gradinazmeilor.ro\\\/?p=1669\"]}]},{\"@type\":\"ImageObject\",\"inLanguage\":\"en-US\",\"@id\":\"https:\\\/\\\/gradinazmeilor.ro\\\/?p=1669#primaryimage\",\"url\":\"https:\\\/\\\/gradinazmeilor.ro\\\/wp-content\\\/uploads\\\/2024\\\/07\\\/859403_486584958055921_2134390080_o-1.jpg\",\"contentUrl\":\"https:\\\/\\\/gradinazmeilor.ro\\\/wp-content\\\/uploads\\\/2024\\\/07\\\/859403_486584958055921_2134390080_o-1.jpg\",\"width\":2048,\"height\":601},{\"@type\":\"BreadcrumbList\",\"@id\":\"https:\\\/\\\/gradinazmeilor.ro\\\/?p=1669#breadcrumb\",\"itemListElement\":[{\"@type\":\"ListItem\",\"position\":1,\"name\":\"Home\",\"item\":\"https:\\\/\\\/gradinazmeilor.ro\\\/\"},{\"@type\":\"ListItem\",\"position\":2,\"name\":\"Fata C\u0103tani\"}]},{\"@type\":\"WebSite\",\"@id\":\"https:\\\/\\\/gradinazmeilor.ro\\\/#website\",\"url\":\"https:\\\/\\\/gradinazmeilor.ro\\\/\",\"name\":\"Gradina Zmeilor\",\"description\":\"\",\"potentialAction\":[{\"@type\":\"SearchAction\",\"target\":{\"@type\":\"EntryPoint\",\"urlTemplate\":\"https:\\\/\\\/gradinazmeilor.ro\\\/?s={search_term_string}\"},\"query-input\":{\"@type\":\"PropertyValueSpecification\",\"valueRequired\":true,\"valueName\":\"search_term_string\"}}],\"inLanguage\":\"en-US\"},{\"@type\":\"Person\",\"@id\":\"https:\\\/\\\/gradinazmeilor.ro\\\/#\\\/schema\\\/person\\\/036ea6286681e8ecafa9ea526a1cc076\",\"name\":\"admin\",\"image\":{\"@type\":\"ImageObject\",\"inLanguage\":\"en-US\",\"@id\":\"https:\\\/\\\/secure.gravatar.com\\\/avatar\\\/efa2df1f6d9b200094d4197aed1dabb82f44108b5598ac5c71d162afcb4ef57c?s=96&d=mm&r=g\",\"url\":\"https:\\\/\\\/secure.gravatar.com\\\/avatar\\\/efa2df1f6d9b200094d4197aed1dabb82f44108b5598ac5c71d162afcb4ef57c?s=96&d=mm&r=g\",\"contentUrl\":\"https:\\\/\\\/secure.gravatar.com\\\/avatar\\\/efa2df1f6d9b200094d4197aed1dabb82f44108b5598ac5c71d162afcb4ef57c?s=96&d=mm&r=g\",\"caption\":\"admin\"},\"sameAs\":[\"https:\\\/\\\/gradinazmeilor.ro\"],\"url\":\"https:\\\/\\\/gradinazmeilor.ro\\\/?author=1\"}]}<\/script>\n<!-- \/ Yoast SEO Premium plugin. -->","yoast_head_json":{"title":"Fata C\u0103tani - Gradina Zmeilor","description":"Asa au luat nastere legendele Fata C\u0103tani ce \u00eensotesc Gradina Zmeilor, rezervatia naturala de marginea localitatii salajene G\u00e2lgau Almasului.","robots":{"index":"index","follow":"follow","max-snippet":"max-snippet:-1","max-image-preview":"max-image-preview:large","max-video-preview":"max-video-preview:-1"},"canonical":"https:\/\/gradinazmeilor.ro\/?p=1669","og_locale":"en_US","og_type":"article","og_title":"Fata C\u0103tani","og_description":"Asa au luat nastere legendele Fata C\u0103tani ce \u00eensotesc Gradina Zmeilor, rezervatia naturala de marginea localitatii salajene G\u00e2lgau Almasului.","og_url":"https:\/\/gradinazmeilor.ro\/?p=1669","og_site_name":"Gradina Zmeilor","article_published_time":"2016-06-06T11:27:49+00:00","article_modified_time":"2024-07-26T19:47:28+00:00","og_image":[{"width":2048,"height":601,"url":"https:\/\/gradinazmeilor.ro\/wp-content\/uploads\/2024\/07\/859403_486584958055921_2134390080_o-1.jpg","type":"image\/jpeg"}],"author":"admin","twitter_card":"summary_large_image","twitter_misc":{"Written by":"admin","Est. reading time":"2 minutes"},"schema":{"@context":"https:\/\/schema.org","@graph":[{"@type":"Article","@id":"https:\/\/gradinazmeilor.ro\/?p=1669#article","isPartOf":{"@id":"https:\/\/gradinazmeilor.ro\/?p=1669"},"author":{"name":"admin","@id":"https:\/\/gradinazmeilor.ro\/#\/schema\/person\/036ea6286681e8ecafa9ea526a1cc076"},"headline":"Fata C\u0103tani","datePublished":"2016-06-06T11:27:49+00:00","dateModified":"2024-07-26T19:47:28+00:00","mainEntityOfPage":{"@id":"https:\/\/gradinazmeilor.ro\/?p=1669"},"wordCount":281,"commentCount":1,"image":{"@id":"https:\/\/gradinazmeilor.ro\/?p=1669#primaryimage"},"thumbnailUrl":"https:\/\/gradinazmeilor.ro\/wp-content\/uploads\/2024\/07\/859403_486584958055921_2134390080_o-1.jpg","keywords":["Gradina Zmeilor natura"],"articleSection":["Chechis","Gradina Zmeilor"],"inLanguage":"en-US","potentialAction":[{"@type":"CommentAction","name":"Comment","target":["https:\/\/gradinazmeilor.ro\/?p=1669#respond"]}]},{"@type":"WebPage","@id":"https:\/\/gradinazmeilor.ro\/?p=1669","url":"https:\/\/gradinazmeilor.ro\/?p=1669","name":"Fata C\u0103tani - Gradina Zmeilor","isPartOf":{"@id":"https:\/\/gradinazmeilor.ro\/#website"},"primaryImageOfPage":{"@id":"https:\/\/gradinazmeilor.ro\/?p=1669#primaryimage"},"image":{"@id":"https:\/\/gradinazmeilor.ro\/?p=1669#primaryimage"},"thumbnailUrl":"https:\/\/gradinazmeilor.ro\/wp-content\/uploads\/2024\/07\/859403_486584958055921_2134390080_o-1.jpg","datePublished":"2016-06-06T11:27:49+00:00","dateModified":"2024-07-26T19:47:28+00:00","author":{"@id":"https:\/\/gradinazmeilor.ro\/#\/schema\/person\/036ea6286681e8ecafa9ea526a1cc076"},"description":"Asa au luat nastere legendele Fata C\u0103tani ce \u00eensotesc Gradina Zmeilor, rezervatia naturala de marginea localitatii salajene G\u00e2lgau Almasului.","breadcrumb":{"@id":"https:\/\/gradinazmeilor.ro\/?p=1669#breadcrumb"},"inLanguage":"en-US","potentialAction":[{"@type":"ReadAction","target":["https:\/\/gradinazmeilor.ro\/?p=1669"]}]},{"@type":"ImageObject","inLanguage":"en-US","@id":"https:\/\/gradinazmeilor.ro\/?p=1669#primaryimage","url":"https:\/\/gradinazmeilor.ro\/wp-content\/uploads\/2024\/07\/859403_486584958055921_2134390080_o-1.jpg","contentUrl":"https:\/\/gradinazmeilor.ro\/wp-content\/uploads\/2024\/07\/859403_486584958055921_2134390080_o-1.jpg","width":2048,"height":601},{"@type":"BreadcrumbList","@id":"https:\/\/gradinazmeilor.ro\/?p=1669#breadcrumb","itemListElement":[{"@type":"ListItem","position":1,"name":"Home","item":"https:\/\/gradinazmeilor.ro\/"},{"@type":"ListItem","position":2,"name":"Fata C\u0103tani"}]},{"@type":"WebSite","@id":"https:\/\/gradinazmeilor.ro\/#website","url":"https:\/\/gradinazmeilor.ro\/","name":"Gradina Zmeilor","description":"","potentialAction":[{"@type":"SearchAction","target":{"@type":"EntryPoint","urlTemplate":"https:\/\/gradinazmeilor.ro\/?s={search_term_string}"},"query-input":{"@type":"PropertyValueSpecification","valueRequired":true,"valueName":"search_term_string"}}],"inLanguage":"en-US"},{"@type":"Person","@id":"https:\/\/gradinazmeilor.ro\/#\/schema\/person\/036ea6286681e8ecafa9ea526a1cc076","name":"admin","image":{"@type":"ImageObject","inLanguage":"en-US","@id":"https:\/\/secure.gravatar.com\/avatar\/efa2df1f6d9b200094d4197aed1dabb82f44108b5598ac5c71d162afcb4ef57c?s=96&d=mm&r=g","url":"https:\/\/secure.gravatar.com\/avatar\/efa2df1f6d9b200094d4197aed1dabb82f44108b5598ac5c71d162afcb4ef57c?s=96&d=mm&r=g","contentUrl":"https:\/\/secure.gravatar.com\/avatar\/efa2df1f6d9b200094d4197aed1dabb82f44108b5598ac5c71d162afcb4ef57c?s=96&d=mm&r=g","caption":"admin"},"sameAs":["https:\/\/gradinazmeilor.ro"],"url":"https:\/\/gradinazmeilor.ro\/?author=1"}]}},"jetpack_featured_media_url":"https:\/\/gradinazmeilor.ro\/wp-content\/uploads\/2024\/07\/859403_486584958055921_2134390080_o-1.jpg","jetpack_sharing_enabled":true,"_links":{"self":[{"href":"https:\/\/gradinazmeilor.ro\/index.php?rest_route=\/wp\/v2\/posts\/1669","targetHints":{"allow":["GET"]}}],"collection":[{"href":"https:\/\/gradinazmeilor.ro\/index.php?rest_route=\/wp\/v2\/posts"}],"about":[{"href":"https:\/\/gradinazmeilor.ro\/index.php?rest_route=\/wp\/v2\/types\/post"}],"author":[{"embeddable":true,"href":"https:\/\/gradinazmeilor.ro\/index.php?rest_route=\/wp\/v2\/users\/1"}],"replies":[{"embeddable":true,"href":"https:\/\/gradinazmeilor.ro\/index.php?rest_route=%2Fwp%2Fv2%2Fcomments&post=1669"}],"version-history":[{"count":4,"href":"https:\/\/gradinazmeilor.ro\/index.php?rest_route=\/wp\/v2\/posts\/1669\/revisions"}],"predecessor-version":[{"id":6018,"href":"https:\/\/gradinazmeilor.ro\/index.php?rest_route=\/wp\/v2\/posts\/1669\/revisions\/6018"}],"wp:featuredmedia":[{"embeddable":true,"href":"https:\/\/gradinazmeilor.ro\/index.php?rest_route=\/wp\/v2\/media\/5833"}],"wp:attachment":[{"href":"https:\/\/gradinazmeilor.ro\/index.php?rest_route=%2Fwp%2Fv2%2Fmedia&parent=1669"}],"wp:term":[{"taxonomy":"category","embeddable":true,"href":"https:\/\/gradinazmeilor.ro\/index.php?rest_route=%2Fwp%2Fv2%2Fcategories&post=1669"},{"taxonomy":"post_tag","embeddable":true,"href":"https:\/\/gradinazmeilor.ro\/index.php?rest_route=%2Fwp%2Fv2%2Ftags&post=1669"}],"curies":[{"name":"wp","href":"https:\/\/api.w.org\/{rel}","templated":true}]}}